{"id":30854,"date":"2026-04-02T16:04:47","date_gmt":"2026-04-02T14:04:47","guid":{"rendered":"https:\/\/biopietra.com\/?p=30854"},"modified":"2026-04-02T16:06:10","modified_gmt":"2026-04-02T14:06:10","slug":"luftqualitaet-und-wandverkleidungen-die-bewusste-entscheidung-fuer-ein-gesundes-wohnklima","status":"publish","type":"post","link":"https:\/\/biopietra.com\/de\/luftqualitaet-und-wandverkleidungen-die-bewusste-entscheidung-fuer-ein-gesundes-wohnklima\/","title":{"rendered":"Luftqualit\u00e4t und Wandverkleidungen: die bewusste Entscheidung f\u00fcr ein gesundes Wohnklima"},"content":{"rendered":"<p>Wenn wir einen Raum gestalten, denken wir an Volumen, Licht, Materialien und Proportionen.<br \/>\nImmer h\u00e4ufiger kommt jedoch ein weiteres Thema ins Spiel, das zwar weniger sichtbar, aber von grundlegender Bedeutung ist:<strong> die Qualit\u00e4t der Luft, die wir in Innenr\u00e4umen atmen.<\/strong><\/p>\n<p>In geschlossenen R\u00e4umen stammt ein erheblicher Teil der Innenraumverschmutzung n\u00e4mlich nicht von au\u00dfen, sondern entsteht gerade durch die von uns ausgew\u00e4hlten Materialien: Verkleidungen, Oberfl\u00e4chen, Klebstoffe und Bauteile, die im Laufe der Zeit unerw\u00fcnschte Substanzen an die Luft abgeben k\u00f6nnen.<\/p>\n<p><strong>Fl\u00fcchtige organische Verbindungen (VOC)<\/strong> sind ma\u00dfgeblich f\u00fcr dieses Ph\u00e4nomen verantwortlich. Es handelt sich um Substanzen, die sich nach ihrer Freisetzung in Innenr\u00e4umen anreichern und den Komfort und das Wohlbefinden der Menschen beeintr\u00e4chtigen k\u00f6nnen, die diese R\u00e4ume t\u00e4glich nutzen. Aus diesem Grund ist die Raumluftqualit\u00e4t heute kein \u201eNebenthema\u201c mehr, sondern ein echter Planungsparameter.<\/p>\n<p>Neben den VOCs wird in den letzten Jahren immer h\u00e4ufiger von PFAS gesprochen, persistenten Chemikalien, die aufgrund ihrer bindenden und sch\u00fctzenden Eigenschaften in verschiedenen industriellen Prozessen eingesetzt werden. Ihre Problematik h\u00e4ngt mit ihrer Langlebigkeit und der Schwierigkeit ihres Abbaus zusammen, weshalb das Interesse an PFAS-freien Materialien stetig w\u00e4chst, insbesondere bei Projekten, bei denen das Thema Gesundheit im Vordergrund steht.<\/p>\n<p>In diesen rechtlichen und gestalterischen Rahmen f\u00fcgt sich Biopietra ein, eine Verkleidung aus regeneriertem Naturstein, die f\u00fcr diejenigen konzipiert wurde, die die Wahl der Materialien als wesentlichen Bestandteil der Qualit\u00e4t des gebauten Raums betrachten.<br \/>\nDie Biopietra-Verkleidungen sind VOC A+ zertifiziert, frei von Kunstharzen, Formaldehyd und PFAS und wurden entwickelt, um Emissionen in Innenr\u00e4umen auf ein Minimum zu reduzieren und gleichzeitig Atmungsaktivit\u00e4t, Langlebigkeit und \u00c4sthetik zu gew\u00e4hrleisten.<\/p>\n<p><strong>Die Emissionswerte der Produkte werden durch Labortests \u00fcberpr\u00fcft<\/strong> und in technischen Datenbl\u00e4ttern dokumentiert, wobei auf die wichtigsten europ\u00e4ischen Normen f\u00fcr die Raumluftqualit\u00e4t Bezug genommen wird, wie beispielsweise die Normenreihe UNI EN ISO 16000, die heute auch zunehmend in Leistungsverzeichnissen und Projektberichten zitiert wird.<\/p>\n<p>Ob es sich um ein Privathaus, ein Hotelprojekt, ein Spa oder einen Gemeinschaftsraum mit hoher Aufenthaltsdichte handelt \u2013 die Wahl einer Wandverkleidung ist nie nur eine \u00e4sthetische Entscheidung: Sie tr\u00e4gt zum Raumklima und zur Wohnqualit\u00e4t bei.<\/p>\n<p>Aus diesem Grund haben wir die wichtigsten normativen Referenzen zu diesem Thema in einem speziellen Leitfaden zusammengestellt.<\/p>\n<p>F\u00fcr weitere Informationen kontaktieren Sie uns -&gt;<a href=\"https:\/\/biopietra.com\/de\/ansprechpartner\/\"> Klicken Sie hier<\/a><span data-ccp-props=\"{&quot;134233117&quot;:false,&quot;134233118&quot;:false,&quot;335551550&quot;:0,&quot;335551620&quot;:0,&quot;335557856&quot;:16777215,&quot;335559738&quot;:225,&quot;335559739&quot;:225}\"><\/span><\/p>\n","protected":false},"excerpt":{"rendered":"<p>Wenn wir einen Raum gestalten, denken wir an Volumen, Licht, [&hellip;]<\/p>\n","protected":false},"author":6,"featured_media":19171,"comment_status":"open","ping_status":"open","sticky":false,"template":"","format":"standard","meta":{"qubely_global_settings":"","qubely_interactions":"","rs_blank_template":"","rs_page_bg_color":"","slide_template_v7":"","rop_custom_images_group":[],"rop_custom_messages_group":[],"rop_publish_now":"initial","rop_publish_now_accounts":{"facebook_4317419521910128_433253626703258":""},"rop_publish_now_history":[],"rop_publish_now_status":"pending","footnotes":""},"categories":[22],"tags":[276,348,362],"class_list":["post-30854","post","type-post","status-publish","format-standard","has-post-thumbnail","hentry","category-news-de","tag-sustainability-de","tag-voc-a","tag-fluechtige-organische-verbindungen"],"aioseo_notices":[],"qubely_featured_image_url":{"full":["https:\/\/biopietra.com\/wp-content\/uploads\/2016\/07\/Lounge-Mix-Stelvio-Bergamo-3.jpg",1850,1234,false],"landscape":["https:\/\/biopietra.com\/wp-content\/uploads\/2016\/07\/Lounge-Mix-Stelvio-Bergamo-3-1200x750.jpg",1200,750,true],"portraits":["https:\/\/biopietra.com\/wp-content\/uploads\/2016\/07\/Lounge-Mix-Stelvio-Bergamo-3-540x320.jpg",540,320,true],"thumbnail":["https:\/\/biopietra.com\/wp-content\/uploads\/2016\/07\/Lounge-Mix-Stelvio-Bergamo-3-150x150.jpg",150,150,true],"medium":["https:\/\/biopietra.com\/wp-content\/uploads\/2016\/07\/Lounge-Mix-Stelvio-Bergamo-3-300x200.jpg",300,200,true],"medium_large":["https:\/\/biopietra.com\/wp-content\/uploads\/2016\/07\/Lounge-Mix-Stelvio-Bergamo-3-768x512.jpg",768,512,true],"large":["https:\/\/biopietra.com\/wp-content\/uploads\/2016\/07\/Lounge-Mix-Stelvio-Bergamo-3-1024x683.jpg",1024,683,true],"1536x1536":["https:\/\/biopietra.com\/wp-content\/uploads\/2016\/07\/Lounge-Mix-Stelvio-Bergamo-3.jpg",1536,1025,false],"2048x2048":["https:\/\/biopietra.com\/wp-content\/uploads\/2016\/07\/Lounge-Mix-Stelvio-Bergamo-3.jpg",1850,1234,false],"qubely_landscape":["https:\/\/biopietra.com\/wp-content\/uploads\/2016\/07\/Lounge-Mix-Stelvio-Bergamo-3-1200x750.jpg",1200,750,true],"qubely_portrait":["https:\/\/biopietra.com\/wp-content\/uploads\/2016\/07\/Lounge-Mix-Stelvio-Bergamo-3-540x320.jpg",540,320,true],"qubely_thumbnail":["https:\/\/biopietra.com\/wp-content\/uploads\/2016\/07\/Lounge-Mix-Stelvio-Bergamo-3-140x100.jpg",140,100,true]},"qubely_author":{"display_name":"Marketing","author_link":"https:\/\/biopietra.com\/de\/author\/biopietra\/"},"qubely_comment":0,"qubely_category":"<a href=\"https:\/\/biopietra.com\/de\/category\/news-de\/\" rel=\"category tag\">News<\/a>","qubely_excerpt":"Wenn wir einen Raum gestalten, denken wir an Volumen, Licht, [&hellip;]","yoast_head":"<!-- This site is optimized with the Yoast SEO plugin v27.4 - https:\/\/yoast.com\/product\/yoast-seo-wordpress\/ -->\n<title>Luftqualit\u00e4t und Wandverkleidungen: die bewusste Entscheidung f\u00fcr ein gesundes Wohnklima - Biopietra<\/title>\n<meta name=\"robots\" content=\"index, follow, max-snippet:-1, max-image-preview:large, max-video-preview:-1\" \/>\n<link rel=\"canonical\" href=\"https:\/\/biopietra.com\/de\/luftqualitaet-und-wandverkleidungen-die-bewusste-entscheidung-fuer-ein-gesundes-wohnklima\/\" \/>\n<meta property=\"og:locale\" content=\"de_DE\" \/>\n<meta property=\"og:type\" content=\"article\" \/>\n<meta property=\"og:title\" content=\"Luftqualit\u00e4t und Wandverkleidungen: die bewusste Entscheidung f\u00fcr ein gesundes Wohnklima - Biopietra\" \/>\n<meta property=\"og:description\" content=\"Wenn wir einen Raum gestalten, denken wir an Volumen, Licht, [&hellip;]\" \/>\n<meta property=\"og:url\" content=\"https:\/\/biopietra.com\/de\/luftqualitaet-und-wandverkleidungen-die-bewusste-entscheidung-fuer-ein-gesundes-wohnklima\/\" \/>\n<meta property=\"og:site_name\" content=\"Biopietra\" \/>\n<meta property=\"article:published_time\" content=\"2026-04-02T14:04:47+00:00\" \/>\n<meta property=\"article:modified_time\" content=\"2026-04-02T14:06:10+00:00\" \/>\n<meta property=\"og:image\" content=\"https:\/\/biopietra.com\/wp-content\/uploads\/2016\/07\/Lounge-Mix-Stelvio-Bergamo-3.jpg\" \/>\n\t<meta property=\"og:image:width\" content=\"1850\" \/>\n\t<meta property=\"og:image:height\" content=\"1234\" \/>\n\t<meta property=\"og:image:type\" content=\"image\/jpeg\" \/>\n<meta name=\"author\" content=\"Marketing\" \/>\n<meta name=\"twitter:card\" content=\"summary_large_image\" \/>\n<meta name=\"twitter:label1\" content=\"Verfasst von\" \/>\n\t<meta name=\"twitter:data1\" content=\"Marketing\" \/>\n\t<meta name=\"twitter:label2\" content=\"Gesch\u00e4tzte Lesezeit\" \/>\n\t<meta name=\"twitter:data2\" content=\"2\u00a0Minuten\" \/>\n<script type=\"application\/ld+json\" class=\"yoast-schema-graph\">{\"@context\":\"https:\\\/\\\/schema.org\",\"@graph\":[{\"@type\":\"Article\",\"@id\":\"https:\\\/\\\/biopietra.com\\\/de\\\/luftqualitaet-und-wandverkleidungen-die-bewusste-entscheidung-fuer-ein-gesundes-wohnklima\\\/#article\",\"isPartOf\":{\"@id\":\"https:\\\/\\\/biopietra.com\\\/de\\\/luftqualitaet-und-wandverkleidungen-die-bewusste-entscheidung-fuer-ein-gesundes-wohnklima\\\/\"},\"author\":{\"name\":\"Marketing\",\"@id\":\"https:\\\/\\\/biopietra.com\\\/#\\\/schema\\\/person\\\/8ede9c1b97243f8e729fb89ea668cfca\"},\"headline\":\"Luftqualit\u00e4t und Wandverkleidungen: die bewusste Entscheidung f\u00fcr ein gesundes Wohnklima\",\"datePublished\":\"2026-04-02T14:04:47+00:00\",\"dateModified\":\"2026-04-02T14:06:10+00:00\",\"mainEntityOfPage\":{\"@id\":\"https:\\\/\\\/biopietra.com\\\/de\\\/luftqualitaet-und-wandverkleidungen-die-bewusste-entscheidung-fuer-ein-gesundes-wohnklima\\\/\"},\"wordCount\":411,\"commentCount\":0,\"image\":{\"@id\":\"https:\\\/\\\/biopietra.com\\\/de\\\/luftqualitaet-und-wandverkleidungen-die-bewusste-entscheidung-fuer-ein-gesundes-wohnklima\\\/#primaryimage\"},\"thumbnailUrl\":\"https:\\\/\\\/biopietra.com\\\/wp-content\\\/uploads\\\/2016\\\/07\\\/Lounge-Mix-Stelvio-Bergamo-3.jpg\",\"keywords\":[\"#sustainability\",\"VOC A+\",\"Fl\u00fcchtige organische Verbindungen\"],\"articleSection\":[\"News\"],\"inLanguage\":\"de\",\"potentialAction\":[{\"@type\":\"CommentAction\",\"name\":\"Comment\",\"target\":[\"https:\\\/\\\/biopietra.com\\\/de\\\/luftqualitaet-und-wandverkleidungen-die-bewusste-entscheidung-fuer-ein-gesundes-wohnklima\\\/#respond\"]}]},{\"@type\":\"WebPage\",\"@id\":\"https:\\\/\\\/biopietra.com\\\/de\\\/luftqualitaet-und-wandverkleidungen-die-bewusste-entscheidung-fuer-ein-gesundes-wohnklima\\\/\",\"url\":\"https:\\\/\\\/biopietra.com\\\/de\\\/luftqualitaet-und-wandverkleidungen-die-bewusste-entscheidung-fuer-ein-gesundes-wohnklima\\\/\",\"name\":\"Luftqualit\u00e4t und Wandverkleidungen: die bewusste Entscheidung f\u00fcr ein gesundes Wohnklima - Biopietra\",\"isPartOf\":{\"@id\":\"https:\\\/\\\/biopietra.com\\\/#website\"},\"primaryImageOfPage\":{\"@id\":\"https:\\\/\\\/biopietra.com\\\/de\\\/luftqualitaet-und-wandverkleidungen-die-bewusste-entscheidung-fuer-ein-gesundes-wohnklima\\\/#primaryimage\"},\"image\":{\"@id\":\"https:\\\/\\\/biopietra.com\\\/de\\\/luftqualitaet-und-wandverkleidungen-die-bewusste-entscheidung-fuer-ein-gesundes-wohnklima\\\/#primaryimage\"},\"thumbnailUrl\":\"https:\\\/\\\/biopietra.com\\\/wp-content\\\/uploads\\\/2016\\\/07\\\/Lounge-Mix-Stelvio-Bergamo-3.jpg\",\"datePublished\":\"2026-04-02T14:04:47+00:00\",\"dateModified\":\"2026-04-02T14:06:10+00:00\",\"author\":{\"@id\":\"https:\\\/\\\/biopietra.com\\\/#\\\/schema\\\/person\\\/8ede9c1b97243f8e729fb89ea668cfca\"},\"breadcrumb\":{\"@id\":\"https:\\\/\\\/biopietra.com\\\/de\\\/luftqualitaet-und-wandverkleidungen-die-bewusste-entscheidung-fuer-ein-gesundes-wohnklima\\\/#breadcrumb\"},\"inLanguage\":\"de\",\"potentialAction\":[{\"@type\":\"ReadAction\",\"target\":[\"https:\\\/\\\/biopietra.com\\\/de\\\/luftqualitaet-und-wandverkleidungen-die-bewusste-entscheidung-fuer-ein-gesundes-wohnklima\\\/\"]}]},{\"@type\":\"ImageObject\",\"inLanguage\":\"de\",\"@id\":\"https:\\\/\\\/biopietra.com\\\/de\\\/luftqualitaet-und-wandverkleidungen-die-bewusste-entscheidung-fuer-ein-gesundes-wohnklima\\\/#primaryimage\",\"url\":\"https:\\\/\\\/biopietra.com\\\/wp-content\\\/uploads\\\/2016\\\/07\\\/Lounge-Mix-Stelvio-Bergamo-3.jpg\",\"contentUrl\":\"https:\\\/\\\/biopietra.com\\\/wp-content\\\/uploads\\\/2016\\\/07\\\/Lounge-Mix-Stelvio-Bergamo-3.jpg\",\"width\":1850,\"height\":1234,\"caption\":\"Bergamo Mix\"},{\"@type\":\"BreadcrumbList\",\"@id\":\"https:\\\/\\\/biopietra.com\\\/de\\\/luftqualitaet-und-wandverkleidungen-die-bewusste-entscheidung-fuer-ein-gesundes-wohnklima\\\/#breadcrumb\",\"itemListElement\":[{\"@type\":\"ListItem\",\"position\":1,\"name\":\"Home\",\"item\":\"https:\\\/\\\/biopietra.com\\\/de\\\/\"},{\"@type\":\"ListItem\",\"position\":2,\"name\":\"Luftqualit\u00e4t und Wandverkleidungen: die bewusste Entscheidung f\u00fcr ein gesundes Wohnklima\"}]},{\"@type\":\"WebSite\",\"@id\":\"https:\\\/\\\/biopietra.com\\\/#website\",\"url\":\"https:\\\/\\\/biopietra.com\\\/\",\"name\":\"Biopietra\",\"description\":\"The Green Stone Industry\",\"potentialAction\":[{\"@type\":\"SearchAction\",\"target\":{\"@type\":\"EntryPoint\",\"urlTemplate\":\"https:\\\/\\\/biopietra.com\\\/?s={search_term_string}\"},\"query-input\":{\"@type\":\"PropertyValueSpecification\",\"valueRequired\":true,\"valueName\":\"search_term_string\"}}],\"inLanguage\":\"de\"},{\"@type\":\"Person\",\"@id\":\"https:\\\/\\\/biopietra.com\\\/#\\\/schema\\\/person\\\/8ede9c1b97243f8e729fb89ea668cfca\",\"name\":\"Marketing\",\"image\":{\"@type\":\"ImageObject\",\"inLanguage\":\"de\",\"@id\":\"https:\\\/\\\/secure.gravatar.com\\\/avatar\\\/6e20e5a5b7ec43eea3c34848d9c5ce2197da270146720054ba1a72bacd3d758d?s=96&d=mm&r=g\",\"url\":\"https:\\\/\\\/secure.gravatar.com\\\/avatar\\\/6e20e5a5b7ec43eea3c34848d9c5ce2197da270146720054ba1a72bacd3d758d?s=96&d=mm&r=g\",\"contentUrl\":\"https:\\\/\\\/secure.gravatar.com\\\/avatar\\\/6e20e5a5b7ec43eea3c34848d9c5ce2197da270146720054ba1a72bacd3d758d?s=96&d=mm&r=g\",\"caption\":\"Marketing\"}}]}<\/script>\n<!-- \/ Yoast SEO plugin. -->","yoast_head_json":{"title":"Luftqualit\u00e4t und Wandverkleidungen: die bewusste Entscheidung f\u00fcr ein gesundes Wohnklima - Biopietra","robots":{"index":"index","follow":"follow","max-snippet":"max-snippet:-1","max-image-preview":"max-image-preview:large","max-video-preview":"max-video-preview:-1"},"canonical":"https:\/\/biopietra.com\/de\/luftqualitaet-und-wandverkleidungen-die-bewusste-entscheidung-fuer-ein-gesundes-wohnklima\/","og_locale":"de_DE","og_type":"article","og_title":"Luftqualit\u00e4t und Wandverkleidungen: die bewusste Entscheidung f\u00fcr ein gesundes Wohnklima - Biopietra","og_description":"Wenn wir einen Raum gestalten, denken wir an Volumen, Licht, [&hellip;]","og_url":"https:\/\/biopietra.com\/de\/luftqualitaet-und-wandverkleidungen-die-bewusste-entscheidung-fuer-ein-gesundes-wohnklima\/","og_site_name":"Biopietra","article_published_time":"2026-04-02T14:04:47+00:00","article_modified_time":"2026-04-02T14:06:10+00:00","og_image":[{"width":1850,"height":1234,"url":"https:\/\/biopietra.com\/wp-content\/uploads\/2016\/07\/Lounge-Mix-Stelvio-Bergamo-3.jpg","type":"image\/jpeg"}],"author":"Marketing","twitter_card":"summary_large_image","twitter_misc":{"Verfasst von":"Marketing","Gesch\u00e4tzte Lesezeit":"2\u00a0Minuten"},"schema":{"@context":"https:\/\/schema.org","@graph":[{"@type":"Article","@id":"https:\/\/biopietra.com\/de\/luftqualitaet-und-wandverkleidungen-die-bewusste-entscheidung-fuer-ein-gesundes-wohnklima\/#article","isPartOf":{"@id":"https:\/\/biopietra.com\/de\/luftqualitaet-und-wandverkleidungen-die-bewusste-entscheidung-fuer-ein-gesundes-wohnklima\/"},"author":{"name":"Marketing","@id":"https:\/\/biopietra.com\/#\/schema\/person\/8ede9c1b97243f8e729fb89ea668cfca"},"headline":"Luftqualit\u00e4t und Wandverkleidungen: die bewusste Entscheidung f\u00fcr ein gesundes Wohnklima","datePublished":"2026-04-02T14:04:47+00:00","dateModified":"2026-04-02T14:06:10+00:00","mainEntityOfPage":{"@id":"https:\/\/biopietra.com\/de\/luftqualitaet-und-wandverkleidungen-die-bewusste-entscheidung-fuer-ein-gesundes-wohnklima\/"},"wordCount":411,"commentCount":0,"image":{"@id":"https:\/\/biopietra.com\/de\/luftqualitaet-und-wandverkleidungen-die-bewusste-entscheidung-fuer-ein-gesundes-wohnklima\/#primaryimage"},"thumbnailUrl":"https:\/\/biopietra.com\/wp-content\/uploads\/2016\/07\/Lounge-Mix-Stelvio-Bergamo-3.jpg","keywords":["#sustainability","VOC A+","Fl\u00fcchtige organische Verbindungen"],"articleSection":["News"],"inLanguage":"de","potentialAction":[{"@type":"CommentAction","name":"Comment","target":["https:\/\/biopietra.com\/de\/luftqualitaet-und-wandverkleidungen-die-bewusste-entscheidung-fuer-ein-gesundes-wohnklima\/#respond"]}]},{"@type":"WebPage","@id":"https:\/\/biopietra.com\/de\/luftqualitaet-und-wandverkleidungen-die-bewusste-entscheidung-fuer-ein-gesundes-wohnklima\/","url":"https:\/\/biopietra.com\/de\/luftqualitaet-und-wandverkleidungen-die-bewusste-entscheidung-fuer-ein-gesundes-wohnklima\/","name":"Luftqualit\u00e4t und Wandverkleidungen: die bewusste Entscheidung f\u00fcr ein gesundes Wohnklima - Biopietra","isPartOf":{"@id":"https:\/\/biopietra.com\/#website"},"primaryImageOfPage":{"@id":"https:\/\/biopietra.com\/de\/luftqualitaet-und-wandverkleidungen-die-bewusste-entscheidung-fuer-ein-gesundes-wohnklima\/#primaryimage"},"image":{"@id":"https:\/\/biopietra.com\/de\/luftqualitaet-und-wandverkleidungen-die-bewusste-entscheidung-fuer-ein-gesundes-wohnklima\/#primaryimage"},"thumbnailUrl":"https:\/\/biopietra.com\/wp-content\/uploads\/2016\/07\/Lounge-Mix-Stelvio-Bergamo-3.jpg","datePublished":"2026-04-02T14:04:47+00:00","dateModified":"2026-04-02T14:06:10+00:00","author":{"@id":"https:\/\/biopietra.com\/#\/schema\/person\/8ede9c1b97243f8e729fb89ea668cfca"},"breadcrumb":{"@id":"https:\/\/biopietra.com\/de\/luftqualitaet-und-wandverkleidungen-die-bewusste-entscheidung-fuer-ein-gesundes-wohnklima\/#breadcrumb"},"inLanguage":"de","potentialAction":[{"@type":"ReadAction","target":["https:\/\/biopietra.com\/de\/luftqualitaet-und-wandverkleidungen-die-bewusste-entscheidung-fuer-ein-gesundes-wohnklima\/"]}]},{"@type":"ImageObject","inLanguage":"de","@id":"https:\/\/biopietra.com\/de\/luftqualitaet-und-wandverkleidungen-die-bewusste-entscheidung-fuer-ein-gesundes-wohnklima\/#primaryimage","url":"https:\/\/biopietra.com\/wp-content\/uploads\/2016\/07\/Lounge-Mix-Stelvio-Bergamo-3.jpg","contentUrl":"https:\/\/biopietra.com\/wp-content\/uploads\/2016\/07\/Lounge-Mix-Stelvio-Bergamo-3.jpg","width":1850,"height":1234,"caption":"Bergamo Mix"},{"@type":"BreadcrumbList","@id":"https:\/\/biopietra.com\/de\/luftqualitaet-und-wandverkleidungen-die-bewusste-entscheidung-fuer-ein-gesundes-wohnklima\/#breadcrumb","itemListElement":[{"@type":"ListItem","position":1,"name":"Home","item":"https:\/\/biopietra.com\/de\/"},{"@type":"ListItem","position":2,"name":"Luftqualit\u00e4t und Wandverkleidungen: die bewusste Entscheidung f\u00fcr ein gesundes Wohnklima"}]},{"@type":"WebSite","@id":"https:\/\/biopietra.com\/#website","url":"https:\/\/biopietra.com\/","name":"Biopietra","description":"The Green Stone Industry","potentialAction":[{"@type":"SearchAction","target":{"@type":"EntryPoint","urlTemplate":"https:\/\/biopietra.com\/?s={search_term_string}"},"query-input":{"@type":"PropertyValueSpecification","valueRequired":true,"valueName":"search_term_string"}}],"inLanguage":"de"},{"@type":"Person","@id":"https:\/\/biopietra.com\/#\/schema\/person\/8ede9c1b97243f8e729fb89ea668cfca","name":"Marketing","image":{"@type":"ImageObject","inLanguage":"de","@id":"https:\/\/secure.gravatar.com\/avatar\/6e20e5a5b7ec43eea3c34848d9c5ce2197da270146720054ba1a72bacd3d758d?s=96&d=mm&r=g","url":"https:\/\/secure.gravatar.com\/avatar\/6e20e5a5b7ec43eea3c34848d9c5ce2197da270146720054ba1a72bacd3d758d?s=96&d=mm&r=g","contentUrl":"https:\/\/secure.gravatar.com\/avatar\/6e20e5a5b7ec43eea3c34848d9c5ce2197da270146720054ba1a72bacd3d758d?s=96&d=mm&r=g","caption":"Marketing"}}]}},"_links":{"self":[{"href":"https:\/\/biopietra.com\/de\/wp-json\/wp\/v2\/posts\/30854","targetHints":{"allow":["GET"]}}],"collection":[{"href":"https:\/\/biopietra.com\/de\/wp-json\/wp\/v2\/posts"}],"about":[{"href":"https:\/\/biopietra.com\/de\/wp-json\/wp\/v2\/types\/post"}],"author":[{"embeddable":true,"href":"https:\/\/biopietra.com\/de\/wp-json\/wp\/v2\/users\/6"}],"replies":[{"embeddable":true,"href":"https:\/\/biopietra.com\/de\/wp-json\/wp\/v2\/comments?post=30854"}],"version-history":[{"count":3,"href":"https:\/\/biopietra.com\/de\/wp-json\/wp\/v2\/posts\/30854\/revisions"}],"predecessor-version":[{"id":30860,"href":"https:\/\/biopietra.com\/de\/wp-json\/wp\/v2\/posts\/30854\/revisions\/30860"}],"wp:featuredmedia":[{"embeddable":true,"href":"https:\/\/biopietra.com\/de\/wp-json\/wp\/v2\/media\/19171"}],"wp:attachment":[{"href":"https:\/\/biopietra.com\/de\/wp-json\/wp\/v2\/media?parent=30854"}],"wp:term":[{"taxonomy":"category","embeddable":true,"href":"https:\/\/biopietra.com\/de\/wp-json\/wp\/v2\/categories?post=30854"},{"taxonomy":"post_tag","embeddable":true,"href":"https:\/\/biopietra.com\/de\/wp-json\/wp\/v2\/tags?post=30854"}],"curies":[{"name":"wp","href":"https:\/\/api.w.org\/{rel}","templated":true}]}}